{"id":58294,"date":"2026-04-22T17:41:00","date_gmt":"2026-04-22T22:41:00","guid":{"rendered":"https:\/\/elregionaldetamaulipas.com.mx\/?p=58294"},"modified":"2026-04-22T19:29:34","modified_gmt":"2026-04-23T00:29:34","slug":"guardia-estatal-en-coordinacion-con-la-fiscalia-general-de-justicia-detuvieron-a-presunto-impostor-de-la-cfe-en-victoria","status":"publish","type":"post","link":"https:\/\/elregionaldetamaulipas.com.mx\/index.php\/2026\/04\/22\/guardia-estatal-en-coordinacion-con-la-fiscalia-general-de-justicia-detuvieron-a-presunto-impostor-de-la-cfe-en-victoria\/","title":{"rendered":"Guardia Estatal en coordinaci\u00f3n con la Fiscal\u00eda General de Justicia detuvieron a presunto impostor de la CFE en Victoria"},"content":{"rendered":"\n<ul class=\"wp-block-list\">\n<li>Fue puesto a disposici\u00f3n de la FGR.<\/li>\n<\/ul>\n\n\n\n<p>Ciudad Victoria, Tamaulipas.\u2013 Personal de la Guardia Estatal en coordinaci\u00f3n con Fiscal\u00eda General de Justicia de Tamaulipas (FGJT) detuvieron a un hombre que presuntamente se hac\u00eda pasar por trabajador de la Comisi\u00f3n Federal de Electricidad (CFE), luego de un reporte ciudadano en la colonia Tamat\u00e1n.<\/p>\n\n\n\n<p>Los hechos se registraron en la calle R\u00edo Tames\u00ed, entre Sierra de San Carlos y Cerro del Bernal, donde dos hombres realizaban supuestos trabajos relacionados con la atenci\u00f3n de anomal\u00edas el\u00e9ctricas.<\/p>\n\n\n\n<p>Se les solicit\u00f3 identificarse como personal de la empresa, sin embargo, ninguno contaba con documentaci\u00f3n que acreditara su relaci\u00f3n laboral.<\/p>\n\n\n\n<p>Minutos despu\u00e9s se confirm\u00f3 que uno de los individuos no pertenec\u00eda a la empresa.<\/p>\n\n\n\n<p>El detenido fue puesto a disposici\u00f3n de la Fiscal\u00eda General de la Rep\u00fablica (FGR) por el presunto delito de usurpaci\u00f3n de funciones.<\/p>\n\n\n\n<p>En el lugar tambi\u00e9n fue asegurada una camioneta Chevrolet Silverado rotulada con las siglas de la CFE.<\/p>\n","protected":false},"excerpt":{"rendered":"<p>Ciudad Victoria, Tamaulipas.\u2013 Personal de la Guardia Estatal en coordinaci\u00f3n con Fiscal\u00eda General de Justicia de Tamaulipas (FGJT) detuvieron a un hombre que presuntamente se hac\u00eda pasar por trabajador de la Comisi\u00f3n Federal de Electricidad (CFE), luego de un reporte ciudadano en la colonia Tamat\u00e1n. Los hechos se registraron en la calle R\u00edo Tames\u00ed, entre [&hellip;]<\/p>\n","protected":false},"author":1,"featured_media":58295,"comment_status":"open","ping_status":"closed","sticky":false,"template":"","format":"standard","meta":{"footnotes":""},"categories":[15,4],"tags":[],"class_list":["post-58294","post","type-post","status-publish","format-standard","has-post-thumbnail","hentry","category-destacada","category-estatal"],"_links":{"self":[{"href":"https:\/\/elregionaldetamaulipas.com.mx\/index.php\/wp-json\/wp\/v2\/posts\/58294","targetHints":{"allow":["GET"]}}],"collection":[{"href":"https:\/\/elregionaldetamaulipas.com.mx\/index.php\/wp-json\/wp\/v2\/posts"}],"about":[{"href":"https:\/\/elregionaldetamaulipas.com.mx\/index.php\/wp-json\/wp\/v2\/types\/post"}],"author":[{"embeddable":true,"href":"https:\/\/elregionaldetamaulipas.com.mx\/index.php\/wp-json\/wp\/v2\/users\/1"}],"replies":[{"embeddable":true,"href":"https:\/\/elregionaldetamaulipas.com.mx\/index.php\/wp-json\/wp\/v2\/comments?post=58294"}],"version-history":[{"count":1,"href":"https:\/\/elregionaldetamaulipas.com.mx\/index.php\/wp-json\/wp\/v2\/posts\/58294\/revisions"}],"predecessor-version":[{"id":58296,"href":"https:\/\/elregionaldetamaulipas.com.mx\/index.php\/wp-json\/wp\/v2\/posts\/58294\/revisions\/58296"}],"wp:featuredmedia":[{"embeddable":true,"href":"https:\/\/elregionaldetamaulipas.com.mx\/index.php\/wp-json\/wp\/v2\/media\/58295"}],"wp:attachment":[{"href":"https:\/\/elregionaldetamaulipas.com.mx\/index.php\/wp-json\/wp\/v2\/media?parent=58294"}],"wp:term":[{"taxonomy":"category","embeddable":true,"href":"https:\/\/elregionaldetamaulipas.com.mx\/index.php\/wp-json\/wp\/v2\/categories?post=58294"},{"taxonomy":"post_tag","embeddable":true,"href":"https:\/\/elregionaldetamaulipas.com.mx\/index.php\/wp-json\/wp\/v2\/tags?post=58294"}],"curies":[{"name":"wp","href":"https:\/\/api.w.org\/{rel}","templated":true}]}}